{"id":30855,"date":"2023-03-06T09:44:54","date_gmt":"2023-03-06T09:44:54","guid":{"rendered":"https:\/\/www.yakintatilyerleri.com\/fashion-lifestyle-trends\/?p=30855"},"modified":"2023-05-23T07:05:32","modified_gmt":"2023-05-23T07:05:32","slug":"hermosas-unas-de-verano-35-imagenes-de-ideas","status":"publish","type":"post","link":"https:\/\/www.yakintatilyerleri.com\/fashion-lifestyle-trends\/hermosas-unas-de-verano-35-imagenes-de-ideas","title":{"rendered":"HERMOSAS U\u00d1AS DE VERANO \u3010+ 35 Im\u00e1genes de Ideas\u3011\ud83d\udd06\ud83d\udc85\ud83d\udd06 \u3010Lo Mejor de 2023 \u3011"},"content":{"rendered":"<p>\u00a1El verano es el momento perfecto para ser creativo con tus manicuras! Ya sea que est\u00e9 buscando algo cl\u00e1sico, audaz o algo intermedio, hay una manicura de verano para todos. Desde dise\u00f1os brillantes hasta colores brillantes, estas hermosas fotos e ideas de manicura de verano seguramente inspirar\u00e1n tu pr\u00f3ximo look. \u00a1Echa un vistazo a algunas de nuestras ideas favoritas de manicura de verano y encuentra la perfecta para ti!<\/p>\n<p>El verano es el momento perfecto para mostrar tu creatividad y estilo con una hermosa manicura de verano. Desde colores brillantes y audaces hasta sutiles tonos pastel, hay muchas opciones para elegir. Con la ayuda de algunas fotos e ideas, puedes encontrar la manicura de verano perfecta para tu look. Ya sea que est\u00e9 buscando algo cl\u00e1sico o algo moderno, este art\u00edculo le brindar\u00e1 mucha inspiraci\u00f3n. \u00a1As\u00ed que toma tu esmalte de u\u00f1as favorito y prep\u00e1rate para crear una hermosa manicura de verano!<\/p>\n<p>\u00a1El verano es el momento perfecto para lucir tus hermosas u\u00f1as! Ya sea que prefiera una manicura francesa cl\u00e1sica o algo m\u00e1s creativo, hay muchas ideas de manicura de verano que se ver\u00e1n geniales en sus manos. Desde colores brillantes hasta dise\u00f1os intrincados, hemos compilado una lista de fotos con algunas de las manicuras de verano m\u00e1s hermosas. \u00a1Explora nuestra colecci\u00f3n e insp\u00edrate para crear algo \u00fanico y elegante para tu pr\u00f3ximo look de verano!<br \/>\n<img loading=\"lazy\" decoding=\"async\" class=\"alignnone size-medium wp-image-30857\" src=\"https:\/\/www.yakintatilyerleri.com\/fashion-lifestyle-trends\/wp-content\/uploads\/2023\/03\/4-VERANO-Mnicura-fluorescente-con-purpurina-en-tonos-naranja-rosa-y-amarillo.jpg\" alt=\"\" width=\"650\" height=\"649\" srcset=\"https:\/\/www.yakintatilyerleri.com\/fashion-lifestyle-trends\/wp-content\/uploads\/2023\/03\/4-VERANO-Mnicura-fluorescente-con-purpurina-en-tonos-naranja-rosa-y-amarillo.jpg 650w, https:\/\/www.yakintatilyerleri.com\/fashion-lifestyle-trends\/wp-content\/uploads\/2023\/03\/4-VERANO-Mnicura-fluorescente-con-purpurina-en-tonos-naranja-rosa-y-amarillo-290x290.jpg 290w, https:\/\/www.yakintatilyerleri.com\/fashion-lifestyle-trends\/wp-content\/uploads\/2023\/03\/4-VERANO-Mnicura-fluorescente-con-purpurina-en-tonos-naranja-rosa-y-amarillo-100x100.jpg 100w, https:\/\/www.yakintatilyerleri.com\/fashion-lifestyle-trends\/wp-content\/uploads\/2023\/03\/4-VERANO-Mnicura-fluorescente-con-purpurina-en-tonos-naranja-rosa-y-amarillo-150x150.jpg 150w, https:\/\/www.yakintatilyerleri.com\/fashion-lifestyle-trends\/wp-content\/uploads\/2023\/03\/4-VERANO-Mnicura-fluorescente-con-purpurina-en-tonos-naranja-rosa-y-amarillo-120x120.jpg 120w, https:\/\/www.yakintatilyerleri.com\/fashion-lifestyle-trends\/wp-content\/uploads\/2023\/03\/4-VERANO-Mnicura-fluorescente-con-purpurina-en-tonos-naranja-rosa-y-amarillo-65x65.jpg 65w\" sizes=\"auto, (max-width: 650px) 100vw, 650px\" \/><\/p>\n<p><img loading=\"lazy\" decoding=\"async\" class=\"alignnone size-medium wp-image-30858\" src=\"https:\/\/www.yakintatilyerleri.com\/fashion-lifestyle-trends\/wp-content\/uploads\/2023\/03\/5-VERANO-colores-chillones-en-rosa-y-violeta-terminadas-en-punta.jpg\" alt=\"\" width=\"649\" height=\"650\" srcset=\"https:\/\/www.yakintatilyerleri.com\/fashion-lifestyle-trends\/wp-content\/uploads\/2023\/03\/5-VERANO-colores-chillones-en-rosa-y-violeta-terminadas-en-punta.jpg 649w, https:\/\/www.yakintatilyerleri.com\/fashion-lifestyle-trends\/wp-content\/uploads\/2023\/03\/5-VERANO-colores-chillones-en-rosa-y-violeta-terminadas-en-punta-290x290.jpg 290w, https:\/\/www.yakintatilyerleri.com\/fashion-lifestyle-trends\/wp-content\/uploads\/2023\/03\/5-VERANO-colores-chillones-en-rosa-y-violeta-terminadas-en-punta-100x100.jpg 100w, https:\/\/www.yakintatilyerleri.com\/fashion-lifestyle-trends\/wp-content\/uploads\/2023\/03\/5-VERANO-colores-chillones-en-rosa-y-violeta-terminadas-en-punta-150x150.jpg 150w, https:\/\/www.yakintatilyerleri.com\/fashion-lifestyle-trends\/wp-content\/uploads\/2023\/03\/5-VERANO-colores-chillones-en-rosa-y-violeta-terminadas-en-punta-120x120.jpg 120w, https:\/\/www.yakintatilyerleri.com\/fashion-lifestyle-trends\/wp-content\/uploads\/2023\/03\/5-VERANO-colores-chillones-en-rosa-y-violeta-terminadas-en-punta-65x65.jpg 65w\" sizes=\"auto, (max-width: 649px) 100vw, 649px\" \/><\/p>\n<p><img loading=\"lazy\" decoding=\"async\" class=\"alignnone size-medium wp-image-30859\" src=\"https:\/\/www.yakintatilyerleri.com\/fashion-lifestyle-trends\/wp-content\/uploads\/2023\/03\/5-VERANO-color-verde-brillante-y-azul-haciendo-ondas.jpg\" alt=\"\" width=\"650\" height=\"650\" srcset=\"https:\/\/www.yakintatilyerleri.com\/fashion-lifestyle-trends\/wp-content\/uploads\/2023\/03\/5-VERANO-color-verde-brillante-y-azul-haciendo-ondas.jpg 650w, https:\/\/www.yakintatilyerleri.com\/fashion-lifestyle-trends\/wp-content\/uploads\/2023\/03\/5-VERANO-color-verde-brillante-y-azul-haciendo-ondas-290x290.jpg 290w, https:\/\/www.yakintatilyerleri.com\/fashion-lifestyle-trends\/wp-content\/uploads\/2023\/03\/5-VERANO-color-verde-brillante-y-azul-haciendo-ondas-100x100.jpg 100w, https:\/\/www.yakintatilyerleri.com\/fashion-lifestyle-trends\/wp-content\/uploads\/2023\/03\/5-VERANO-color-verde-brillante-y-azul-haciendo-ondas-150x150.jpg 150w, https:\/\/www.yakintatilyerleri.com\/fashion-lifestyle-trends\/wp-content\/uploads\/2023\/03\/5-VERANO-color-verde-brillante-y-azul-haciendo-ondas-120x120.jpg 120w, https:\/\/www.yakintatilyerleri.com\/fashion-lifestyle-trends\/wp-content\/uploads\/2023\/03\/5-VERANO-color-verde-brillante-y-azul-haciendo-ondas-65x65.jpg 65w\" sizes=\"auto, (max-width: 650px) 100vw, 650px\" \/><\/p>\n<p><img loading=\"lazy\" decoding=\"async\" class=\"alignnone size-medium wp-image-30860\" src=\"https:\/\/www.yakintatilyerleri.com\/fashion-lifestyle-trends\/wp-content\/uploads\/2023\/03\/6VERANO-colores-alegres-violeta-y-azul-brillante-con-lineas-de-purpurina-dorada.jpg\" alt=\"\" width=\"650\" height=\"650\" srcset=\"https:\/\/www.yakintatilyerleri.com\/fashion-lifestyle-trends\/wp-content\/uploads\/2023\/03\/6VERANO-colores-alegres-violeta-y-azul-brillante-con-lineas-de-purpurina-dorada.jpg 650w, https:\/\/www.yakintatilyerleri.com\/fashion-lifestyle-trends\/wp-content\/uploads\/2023\/03\/6VERANO-colores-alegres-violeta-y-azul-brillante-con-lineas-de-purpurina-dorada-290x290.jpg 290w, https:\/\/www.yakintatilyerleri.com\/fashion-lifestyle-trends\/wp-content\/uploads\/2023\/03\/6VERANO-colores-alegres-violeta-y-azul-brillante-con-lineas-de-purpurina-dorada-100x100.jpg 100w, https:\/\/www.yakintatilyerleri.com\/fashion-lifestyle-trends\/wp-content\/uploads\/2023\/03\/6VERANO-colores-alegres-violeta-y-azul-brillante-con-lineas-de-purpurina-dorada-150x150.jpg 150w, https:\/\/www.yakintatilyerleri.com\/fashion-lifestyle-trends\/wp-content\/uploads\/2023\/03\/6VERANO-colores-alegres-violeta-y-azul-brillante-con-lineas-de-purpurina-dorada-120x120.jpg 120w, https:\/\/www.yakintatilyerleri.com\/fashion-lifestyle-trends\/wp-content\/uploads\/2023\/03\/6VERANO-colores-alegres-violeta-y-azul-brillante-con-lineas-de-purpurina-dorada-65x65.jpg 65w\" sizes=\"auto, (max-width: 650px) 100vw, 650px\" \/><\/p>\n<p><img loading=\"lazy\" decoding=\"async\" class=\"alignnone size-medium wp-image-30861\" src=\"https:\/\/www.yakintatilyerleri.com\/fashion-lifestyle-trends\/wp-content\/uploads\/2023\/03\/6-VERANO-de-color-negro-mate-y-purpurina-con-la-inscripcion-YSL-de-la-marca-Yves-Sant-Loren.jpg\" alt=\"\" width=\"650\" height=\"650\" srcset=\"https:\/\/www.yakintatilyerleri.com\/fashion-lifestyle-trends\/wp-content\/uploads\/2023\/03\/6-VERANO-de-color-negro-mate-y-purpurina-con-la-inscripcion-YSL-de-la-marca-Yves-Sant-Loren.jpg 650w, https:\/\/www.yakintatilyerleri.com\/fashion-lifestyle-trends\/wp-content\/uploads\/2023\/03\/6-VERANO-de-color-negro-mate-y-purpurina-con-la-inscripcion-YSL-de-la-marca-Yves-Sant-Loren-290x290.jpg 290w, https:\/\/www.yakintatilyerleri.com\/fashion-lifestyle-trends\/wp-content\/uploads\/2023\/03\/6-VERANO-de-color-negro-mate-y-purpurina-con-la-inscripcion-YSL-de-la-marca-Yves-Sant-Loren-100x100.jpg 100w, https:\/\/www.yakintatilyerleri.com\/fashion-lifestyle-trends\/wp-content\/uploads\/2023\/03\/6-VERANO-de-color-negro-mate-y-purpurina-con-la-inscripcion-YSL-de-la-marca-Yves-Sant-Loren-150x150.jpg 150w, https:\/\/www.yakintatilyerleri.com\/fashion-lifestyle-trends\/wp-content\/uploads\/2023\/03\/6-VERANO-de-color-negro-mate-y-purpurina-con-la-inscripcion-YSL-de-la-marca-Yves-Sant-Loren-120x120.jpg 120w, https:\/\/www.yakintatilyerleri.com\/fashion-lifestyle-trends\/wp-content\/uploads\/2023\/03\/6-VERANO-de-color-negro-mate-y-purpurina-con-la-inscripcion-YSL-de-la-marca-Yves-Sant-Loren-65x65.jpg 65w\" sizes=\"auto, (max-width: 650px) 100vw, 650px\" \/><\/p>\n<p><img loading=\"lazy\" decoding=\"async\" class=\"alignnone size-medium wp-image-30862\" src=\"https:\/\/www.yakintatilyerleri.com\/fashion-lifestyle-trends\/wp-content\/uploads\/2023\/03\/6-VERANO-largas-cuadraras-de-color-amarillo-fluorescente-con-pedreria-dorada.jpg\" alt=\"\" width=\"358\" height=\"358\" srcset=\"https:\/\/www.yakintatilyerleri.com\/fashion-lifestyle-trends\/wp-content\/uploads\/2023\/03\/6-VERANO-largas-cuadraras-de-color-amarillo-fluorescente-con-pedreria-dorada.jpg 358w, https:\/\/www.yakintatilyerleri.com\/fashion-lifestyle-trends\/wp-content\/uploads\/2023\/03\/6-VERANO-largas-cuadraras-de-color-amarillo-fluorescente-con-pedreria-dorada-290x290.jpg 290w, https:\/\/www.yakintatilyerleri.com\/fashion-lifestyle-trends\/wp-content\/uploads\/2023\/03\/6-VERANO-largas-cuadraras-de-color-amarillo-fluorescente-con-pedreria-dorada-100x100.jpg 100w, https:\/\/www.yakintatilyerleri.com\/fashion-lifestyle-trends\/wp-content\/uploads\/2023\/03\/6-VERANO-largas-cuadraras-de-color-amarillo-fluorescente-con-pedreria-dorada-150x150.jpg 150w, https:\/\/www.yakintatilyerleri.com\/fashion-lifestyle-trends\/wp-content\/uploads\/2023\/03\/6-VERANO-largas-cuadraras-de-color-amarillo-fluorescente-con-pedreria-dorada-120x120.jpg 120w, https:\/\/www.yakintatilyerleri.com\/fashion-lifestyle-trends\/wp-content\/uploads\/2023\/03\/6-VERANO-largas-cuadraras-de-color-amarillo-fluorescente-con-pedreria-dorada-65x65.jpg 65w\" sizes=\"auto, (max-width: 358px) 100vw, 358px\" \/><\/p>\n<p><img loading=\"lazy\" decoding=\"async\" class=\"alignnone size-medium wp-image-30863\" src=\"https:\/\/www.yakintatilyerleri.com\/fashion-lifestyle-trends\/wp-content\/uploads\/2023\/03\/7-VERANO-en-tonos-verde-degradado-a-rosa-beige-con-pedreria.jpg\" alt=\"\" width=\"650\" height=\"650\" srcset=\"https:\/\/www.yakintatilyerleri.com\/fashion-lifestyle-trends\/wp-content\/uploads\/2023\/03\/7-VERANO-en-tonos-verde-degradado-a-rosa-beige-con-pedreria.jpg 650w, https:\/\/www.yakintatilyerleri.com\/fashion-lifestyle-trends\/wp-content\/uploads\/2023\/03\/7-VERANO-en-tonos-verde-degradado-a-rosa-beige-con-pedreria-290x290.jpg 290w, https:\/\/www.yakintatilyerleri.com\/fashion-lifestyle-trends\/wp-content\/uploads\/2023\/03\/7-VERANO-en-tonos-verde-degradado-a-rosa-beige-con-pedreria-100x100.jpg 100w, https:\/\/www.yakintatilyerleri.com\/fashion-lifestyle-trends\/wp-content\/uploads\/2023\/03\/7-VERANO-en-tonos-verde-degradado-a-rosa-beige-con-pedreria-150x150.jpg 150w, https:\/\/www.yakintatilyerleri.com\/fashion-lifestyle-trends\/wp-content\/uploads\/2023\/03\/7-VERANO-en-tonos-verde-degradado-a-rosa-beige-con-pedreria-120x120.jpg 120w, https:\/\/www.yakintatilyerleri.com\/fashion-lifestyle-trends\/wp-content\/uploads\/2023\/03\/7-VERANO-en-tonos-verde-degradado-a-rosa-beige-con-pedreria-65x65.jpg 65w\" sizes=\"auto, (max-width: 650px) 100vw, 650px\" \/><\/p>\n<p><img loading=\"lazy\" decoding=\"async\" class=\"alignnone size-medium wp-image-30864\" src=\"https:\/\/www.yakintatilyerleri.com\/fashion-lifestyle-trends\/wp-content\/uploads\/2023\/03\/7-VERANO-manicura-en-color-verde-y-amarillo-fluorescente-con-purpurina.jpg\" alt=\"\" width=\"564\" height=\"564\" srcset=\"https:\/\/www.yakintatilyerleri.com\/fashion-lifestyle-trends\/wp-content\/uploads\/2023\/03\/7-VERANO-manicura-en-color-verde-y-amarillo-fluorescente-con-purpurina.jpg 564w, https:\/\/www.yakintatilyerleri.com\/fashion-lifestyle-trends\/wp-content\/uploads\/2023\/03\/7-VERANO-manicura-en-color-verde-y-amarillo-fluorescente-con-purpurina-290x290.jpg 290w, https:\/\/www.yakintatilyerleri.com\/fashion-lifestyle-trends\/wp-content\/uploads\/2023\/03\/7-VERANO-manicura-en-color-verde-y-amarillo-fluorescente-con-purpurina-100x100.jpg 100w, https:\/\/www.yakintatilyerleri.com\/fashion-lifestyle-trends\/wp-content\/uploads\/2023\/03\/7-VERANO-manicura-en-color-verde-y-amarillo-fluorescente-con-purpurina-150x150.jpg 150w, https:\/\/www.yakintatilyerleri.com\/fashion-lifestyle-trends\/wp-content\/uploads\/2023\/03\/7-VERANO-manicura-en-color-verde-y-amarillo-fluorescente-con-purpurina-120x120.jpg 120w, https:\/\/www.yakintatilyerleri.com\/fashion-lifestyle-trends\/wp-content\/uploads\/2023\/03\/7-VERANO-manicura-en-color-verde-y-amarillo-fluorescente-con-purpurina-65x65.jpg 65w\" sizes=\"auto, (max-width: 564px) 100vw, 564px\" \/><\/p>\n<p><img loading=\"lazy\" decoding=\"async\" class=\"alignnone size-medium wp-image-30865\" src=\"https:\/\/www.yakintatilyerleri.com\/fashion-lifestyle-trends\/wp-content\/uploads\/2023\/03\/7VERANO-manicura-en-tono-rosa-brillante-y-azul-haciendo-ondas.jpg\" alt=\"\" width=\"650\" height=\"650\" srcset=\"https:\/\/www.yakintatilyerleri.com\/fashion-lifestyle-trends\/wp-content\/uploads\/2023\/03\/7VERANO-manicura-en-tono-rosa-brillante-y-azul-haciendo-ondas.jpg 650w, https:\/\/www.yakintatilyerleri.com\/fashion-lifestyle-trends\/wp-content\/uploads\/2023\/03\/7VERANO-manicura-en-tono-rosa-brillante-y-azul-haciendo-ondas-290x290.jpg 290w, https:\/\/www.yakintatilyerleri.com\/fashion-lifestyle-trends\/wp-content\/uploads\/2023\/03\/7VERANO-manicura-en-tono-rosa-brillante-y-azul-haciendo-ondas-100x100.jpg 100w, https:\/\/www.yakintatilyerleri.com\/fashion-lifestyle-trends\/wp-content\/uploads\/2023\/03\/7VERANO-manicura-en-tono-rosa-brillante-y-azul-haciendo-ondas-150x150.jpg 150w, https:\/\/www.yakintatilyerleri.com\/fashion-lifestyle-trends\/wp-content\/uploads\/2023\/03\/7VERANO-manicura-en-tono-rosa-brillante-y-azul-haciendo-ondas-120x120.jpg 120w, https:\/\/www.yakintatilyerleri.com\/fashion-lifestyle-trends\/wp-content\/uploads\/2023\/03\/7VERANO-manicura-en-tono-rosa-brillante-y-azul-haciendo-ondas-65x65.jpg 65w\" sizes=\"auto, (max-width: 650px) 100vw, 650px\" \/><\/p>\n<p><img loading=\"lazy\" decoding=\"async\" class=\"alignnone size-medium wp-image-30866\" src=\"https:\/\/www.yakintatilyerleri.com\/fashion-lifestyle-trends\/wp-content\/uploads\/2023\/03\/8-VERANO-manicura-con-unas-redondas-en-tono-azul-y-violeta.jpg\" alt=\"\" width=\"558\" height=\"559\" srcset=\"https:\/\/www.yakintatilyerleri.com\/fashion-lifestyle-trends\/wp-content\/uploads\/2023\/03\/8-VERANO-manicura-con-unas-redondas-en-tono-azul-y-violeta.jpg 558w, https:\/\/www.yakintatilyerleri.com\/fashion-lifestyle-trends\/wp-content\/uploads\/2023\/03\/8-VERANO-manicura-con-unas-redondas-en-tono-azul-y-violeta-290x290.jpg 290w, https:\/\/www.yakintatilyerleri.com\/fashion-lifestyle-trends\/wp-content\/uploads\/2023\/03\/8-VERANO-manicura-con-unas-redondas-en-tono-azul-y-violeta-100x100.jpg 100w, https:\/\/www.yakintatilyerleri.com\/fashion-lifestyle-trends\/wp-content\/uploads\/2023\/03\/8-VERANO-manicura-con-unas-redondas-en-tono-azul-y-violeta-150x150.jpg 150w, https:\/\/www.yakintatilyerleri.com\/fashion-lifestyle-trends\/wp-content\/uploads\/2023\/03\/8-VERANO-manicura-con-unas-redondas-en-tono-azul-y-violeta-120x120.jpg 120w, https:\/\/www.yakintatilyerleri.com\/fashion-lifestyle-trends\/wp-content\/uploads\/2023\/03\/8-VERANO-manicura-con-unas-redondas-en-tono-azul-y-violeta-65x65.jpg 65w\" sizes=\"auto, (max-width: 558px) 100vw, 558px\" \/><\/p>\n<p><img loading=\"lazy\" decoding=\"async\" class=\"alignnone size-medium wp-image-30867\" src=\"https:\/\/www.yakintatilyerleri.com\/fashion-lifestyle-trends\/wp-content\/uploads\/2023\/03\/9-VERANO-en-color-verde-fosforito-y-patrones.jpg\" alt=\"\" width=\"650\" height=\"650\" srcset=\"https:\/\/www.yakintatilyerleri.com\/fashion-lifestyle-trends\/wp-content\/uploads\/2023\/03\/9-VERANO-en-color-verde-fosforito-y-patrones.jpg 650w, https:\/\/www.yakintatilyerleri.com\/fashion-lifestyle-trends\/wp-content\/uploads\/2023\/03\/9-VERANO-en-color-verde-fosforito-y-patrones-290x290.jpg 290w, https:\/\/www.yakintatilyerleri.com\/fashion-lifestyle-trends\/wp-content\/uploads\/2023\/03\/9-VERANO-en-color-verde-fosforito-y-patrones-100x100.jpg 100w, https:\/\/www.yakintatilyerleri.com\/fashion-lifestyle-trends\/wp-content\/uploads\/2023\/03\/9-VERANO-en-color-verde-fosforito-y-patrones-150x150.jpg 150w, https:\/\/www.yakintatilyerleri.com\/fashion-lifestyle-trends\/wp-content\/uploads\/2023\/03\/9-VERANO-en-color-verde-fosforito-y-patrones-120x120.jpg 120w, https:\/\/www.yakintatilyerleri.com\/fashion-lifestyle-trends\/wp-content\/uploads\/2023\/03\/9-VERANO-en-color-verde-fosforito-y-patrones-65x65.jpg 65w\" sizes=\"auto, (max-width: 650px) 100vw, 650px\" \/><\/p>\n<p><img loading=\"lazy\" decoding=\"async\" class=\"alignnone size-medium wp-image-30868\" src=\"https:\/\/www.yakintatilyerleri.com\/fashion-lifestyle-trends\/wp-content\/uploads\/2023\/03\/9-VERANO-manicura-en-beige-brillante-con-lineas-en-blanco-y-rosa.jpg\" alt=\"\" width=\"650\" height=\"650\" srcset=\"https:\/\/www.yakintatilyerleri.com\/fashion-lifestyle-trends\/wp-content\/uploads\/2023\/03\/9-VERANO-manicura-en-beige-brillante-con-lineas-en-blanco-y-rosa.jpg 650w, https:\/\/www.yakintatilyerleri.com\/fashion-lifestyle-trends\/wp-content\/uploads\/2023\/03\/9-VERANO-manicura-en-beige-brillante-con-lineas-en-blanco-y-rosa-290x290.jpg 290w, https:\/\/www.yakintatilyerleri.com\/fashion-lifestyle-trends\/wp-content\/uploads\/2023\/03\/9-VERANO-manicura-en-beige-brillante-con-lineas-en-blanco-y-rosa-100x100.jpg 100w, https:\/\/www.yakintatilyerleri.com\/fashion-lifestyle-trends\/wp-content\/uploads\/2023\/03\/9-VERANO-manicura-en-beige-brillante-con-lineas-en-blanco-y-rosa-150x150.jpg 150w, https:\/\/www.yakintatilyerleri.com\/fashion-lifestyle-trends\/wp-content\/uploads\/2023\/03\/9-VERANO-manicura-en-beige-brillante-con-lineas-en-blanco-y-rosa-120x120.jpg 120w, https:\/\/www.yakintatilyerleri.com\/fashion-lifestyle-trends\/wp-content\/uploads\/2023\/03\/9-VERANO-manicura-en-beige-brillante-con-lineas-en-blanco-y-rosa-65x65.jpg 65w\" sizes=\"auto, (max-width: 650px) 100vw, 650px\" \/><\/p>\n<p><img loading=\"lazy\" decoding=\"async\" class=\"alignnone size-medium wp-image-30869\" src=\"https:\/\/www.yakintatilyerleri.com\/fashion-lifestyle-trends\/wp-content\/uploads\/2023\/03\/10VERANO-con-unas-terminadas-en-punta-en-colores-fucsia-y-amarillo-con-pedreria.jpg\" alt=\"\" width=\"650\" height=\"650\" srcset=\"https:\/\/www.yakintatilyerleri.com\/fashion-lifestyle-trends\/wp-content\/uploads\/2023\/03\/10VERANO-con-unas-terminadas-en-punta-en-colores-fucsia-y-amarillo-con-pedreria.jpg 650w, https:\/\/www.yakintatilyerleri.com\/fashion-lifestyle-trends\/wp-content\/uploads\/2023\/03\/10VERANO-con-unas-terminadas-en-punta-en-colores-fucsia-y-amarillo-con-pedreria-290x290.jpg 290w, https:\/\/www.yakintatilyerleri.com\/fashion-lifestyle-trends\/wp-content\/uploads\/2023\/03\/10VERANO-con-unas-terminadas-en-punta-en-colores-fucsia-y-amarillo-con-pedreria-100x100.jpg 100w, https:\/\/www.yakintatilyerleri.com\/fashion-lifestyle-trends\/wp-content\/uploads\/2023\/03\/10VERANO-con-unas-terminadas-en-punta-en-colores-fucsia-y-amarillo-con-pedreria-150x150.jpg 150w, https:\/\/www.yakintatilyerleri.com\/fashion-lifestyle-trends\/wp-content\/uploads\/2023\/03\/10VERANO-con-unas-terminadas-en-punta-en-colores-fucsia-y-amarillo-con-pedreria-120x120.jpg 120w, https:\/\/www.yakintatilyerleri.com\/fashion-lifestyle-trends\/wp-content\/uploads\/2023\/03\/10VERANO-con-unas-terminadas-en-punta-en-colores-fucsia-y-amarillo-con-pedreria-65x65.jpg 65w\" sizes=\"auto, (max-width: 650px) 100vw, 650px\" \/><\/p>\n<p><img loading=\"lazy\" decoding=\"async\" class=\"alignnone size-medium wp-image-30870\" src=\"https:\/\/www.yakintatilyerleri.com\/fashion-lifestyle-trends\/wp-content\/uploads\/2023\/03\/10-VERANO-en-unas-trasprentes-brillantes-y-color-verde-fosforito.jpg\" alt=\"\" width=\"650\" height=\"650\" srcset=\"https:\/\/www.yakintatilyerleri.com\/fashion-lifestyle-trends\/wp-content\/uploads\/2023\/03\/10-VERANO-en-unas-trasprentes-brillantes-y-color-verde-fosforito.jpg 650w, https:\/\/www.yakintatilyerleri.com\/fashion-lifestyle-trends\/wp-content\/uploads\/2023\/03\/10-VERANO-en-unas-trasprentes-brillantes-y-color-verde-fosforito-290x290.jpg 290w, https:\/\/www.yakintatilyerleri.com\/fashion-lifestyle-trends\/wp-content\/uploads\/2023\/03\/10-VERANO-en-unas-trasprentes-brillantes-y-color-verde-fosforito-100x100.jpg 100w, https:\/\/www.yakintatilyerleri.com\/fashion-lifestyle-trends\/wp-content\/uploads\/2023\/03\/10-VERANO-en-unas-trasprentes-brillantes-y-color-verde-fosforito-150x150.jpg 150w, https:\/\/www.yakintatilyerleri.com\/fashion-lifestyle-trends\/wp-content\/uploads\/2023\/03\/10-VERANO-en-unas-trasprentes-brillantes-y-color-verde-fosforito-120x120.jpg 120w, https:\/\/www.yakintatilyerleri.com\/fashion-lifestyle-trends\/wp-content\/uploads\/2023\/03\/10-VERANO-en-unas-trasprentes-brillantes-y-color-verde-fosforito-65x65.jpg 65w\" sizes=\"auto, (max-width: 650px) 100vw, 650px\" \/><\/p>\n<p><img loading=\"lazy\" decoding=\"async\" class=\"alignnone size-medium wp-image-30871\" src=\"https:\/\/www.yakintatilyerleri.com\/fashion-lifestyle-trends\/wp-content\/uploads\/2023\/03\/11-VERANO-manicura-en-rojo-brillante-mas-pedreria.jpg\" alt=\"\" width=\"650\" height=\"650\" srcset=\"https:\/\/www.yakintatilyerleri.com\/fashion-lifestyle-trends\/wp-content\/uploads\/2023\/03\/11-VERANO-manicura-en-rojo-brillante-mas-pedreria.jpg 650w, https:\/\/www.yakintatilyerleri.com\/fashion-lifestyle-trends\/wp-content\/uploads\/2023\/03\/11-VERANO-manicura-en-rojo-brillante-mas-pedreria-290x290.jpg 290w, https:\/\/www.yakintatilyerleri.com\/fashion-lifestyle-trends\/wp-content\/uploads\/2023\/03\/11-VERANO-manicura-en-rojo-brillante-mas-pedreria-100x100.jpg 100w, https:\/\/www.yakintatilyerleri.com\/fashion-lifestyle-trends\/wp-content\/uploads\/2023\/03\/11-VERANO-manicura-en-rojo-brillante-mas-pedreria-150x150.jpg 150w, https:\/\/www.yakintatilyerleri.com\/fashion-lifestyle-trends\/wp-content\/uploads\/2023\/03\/11-VERANO-manicura-en-rojo-brillante-mas-pedreria-120x120.jpg 120w, https:\/\/www.yakintatilyerleri.com\/fashion-lifestyle-trends\/wp-content\/uploads\/2023\/03\/11-VERANO-manicura-en-rojo-brillante-mas-pedreria-65x65.jpg 65w\" sizes=\"auto, (max-width: 650px) 100vw, 650px\" \/><\/p>\n<p><img loading=\"lazy\" decoding=\"async\" class=\"alignnone size-medium wp-image-30872\" src=\"https:\/\/www.yakintatilyerleri.com\/fashion-lifestyle-trends\/wp-content\/uploads\/2023\/03\/12VERANO-unas-largas-en-rosa-fosforito.jpg\" alt=\"\" width=\"526\" height=\"525\" srcset=\"https:\/\/www.yakintatilyerleri.com\/fashion-lifestyle-trends\/wp-content\/uploads\/2023\/03\/12VERANO-unas-largas-en-rosa-fosforito.jpg 526w, https:\/\/www.yakintatilyerleri.com\/fashion-lifestyle-trends\/wp-content\/uploads\/2023\/03\/12VERANO-unas-largas-en-rosa-fosforito-290x290.jpg 290w, https:\/\/www.yakintatilyerleri.com\/fashion-lifestyle-trends\/wp-content\/uploads\/2023\/03\/12VERANO-unas-largas-en-rosa-fosforito-100x100.jpg 100w, https:\/\/www.yakintatilyerleri.com\/fashion-lifestyle-trends\/wp-content\/uploads\/2023\/03\/12VERANO-unas-largas-en-rosa-fosforito-150x150.jpg 150w, https:\/\/www.yakintatilyerleri.com\/fashion-lifestyle-trends\/wp-content\/uploads\/2023\/03\/12VERANO-unas-largas-en-rosa-fosforito-120x120.jpg 120w, https:\/\/www.yakintatilyerleri.com\/fashion-lifestyle-trends\/wp-content\/uploads\/2023\/03\/12VERANO-unas-largas-en-rosa-fosforito-65x65.jpg 65w\" sizes=\"auto, (max-width: 526px) 100vw, 526px\" \/><\/p>\n<p><img loading=\"lazy\" decoding=\"async\" class=\"alignnone size-medium wp-image-30873\" src=\"https:\/\/www.yakintatilyerleri.com\/fashion-lifestyle-trends\/wp-content\/uploads\/2023\/03\/13-VERANO-manicura-en-tonos-rosa-y-verde-con-flores-primaverales.jpg\" alt=\"\" width=\"508\" height=\"650\" srcset=\"https:\/\/www.yakintatilyerleri.com\/fashion-lifestyle-trends\/wp-content\/uploads\/2023\/03\/13-VERANO-manicura-en-tonos-rosa-y-verde-con-flores-primaverales.jpg 508w, https:\/\/www.yakintatilyerleri.com\/fashion-lifestyle-trends\/wp-content\/uploads\/2023\/03\/13-VERANO-manicura-en-tonos-rosa-y-verde-con-flores-primaverales-78x100.jpg 78w\" sizes=\"auto, (max-width: 508px) 100vw, 508px\" \/><\/p>\n<p><img loading=\"lazy\" decoding=\"async\" class=\"alignnone size-medium wp-image-30874\" src=\"https:\/\/www.yakintatilyerleri.com\/fashion-lifestyle-trends\/wp-content\/uploads\/2023\/03\/13-VERANO-manicura-en-verde-fosforito-y-unas-beige-con-pedreria.jpg\" alt=\"\" width=\"556\" height=\"650\" srcset=\"https:\/\/www.yakintatilyerleri.com\/fashion-lifestyle-trends\/wp-content\/uploads\/2023\/03\/13-VERANO-manicura-en-verde-fosforito-y-unas-beige-con-pedreria.jpg 556w, https:\/\/www.yakintatilyerleri.com\/fashion-lifestyle-trends\/wp-content\/uploads\/2023\/03\/13-VERANO-manicura-en-verde-fosforito-y-unas-beige-con-pedreria-86x100.jpg 86w\" sizes=\"auto, (max-width: 556px) 100vw, 556px\" \/><\/p>\n<p><img loading=\"lazy\" decoding=\"async\" class=\"alignnone size-medium wp-image-30875\" src=\"https:\/\/www.yakintatilyerleri.com\/fashion-lifestyle-trends\/wp-content\/uploads\/2023\/03\/14-VERANO-en-tono-negro-y-rosa-mas-formas-geometricas.jpg\" alt=\"\" width=\"650\" height=\"650\" srcset=\"https:\/\/www.yakintatilyerleri.com\/fashion-lifestyle-trends\/wp-content\/uploads\/2023\/03\/14-VERANO-en-tono-negro-y-rosa-mas-formas-geometricas.jpg 650w, https:\/\/www.yakintatilyerleri.com\/fashion-lifestyle-trends\/wp-content\/uploads\/2023\/03\/14-VERANO-en-tono-negro-y-rosa-mas-formas-geometricas-290x290.jpg 290w, https:\/\/www.yakintatilyerleri.com\/fashion-lifestyle-trends\/wp-content\/uploads\/2023\/03\/14-VERANO-en-tono-negro-y-rosa-mas-formas-geometricas-100x100.jpg 100w, https:\/\/www.yakintatilyerleri.com\/fashion-lifestyle-trends\/wp-content\/uploads\/2023\/03\/14-VERANO-en-tono-negro-y-rosa-mas-formas-geometricas-150x150.jpg 150w, https:\/\/www.yakintatilyerleri.com\/fashion-lifestyle-trends\/wp-content\/uploads\/2023\/03\/14-VERANO-en-tono-negro-y-rosa-mas-formas-geometricas-120x120.jpg 120w, https:\/\/www.yakintatilyerleri.com\/fashion-lifestyle-trends\/wp-content\/uploads\/2023\/03\/14-VERANO-en-tono-negro-y-rosa-mas-formas-geometricas-65x65.jpg 65w\" sizes=\"auto, (max-width: 650px) 100vw, 650px\" \/><\/p>\n<p><img loading=\"lazy\" decoding=\"async\" class=\"alignnone size-medium wp-image-30876\" src=\"https:\/\/www.yakintatilyerleri.com\/fashion-lifestyle-trends\/wp-content\/uploads\/2023\/03\/14-VERANO-manicura-ne-rosa-fucsia-mas-mariposa-impresa.jpg\" alt=\"\" width=\"650\" height=\"650\" srcset=\"https:\/\/www.yakintatilyerleri.com\/fashion-lifestyle-trends\/wp-content\/uploads\/2023\/03\/14-VERANO-manicura-ne-rosa-fucsia-mas-mariposa-impresa.jpg 650w, https:\/\/www.yakintatilyerleri.com\/fashion-lifestyle-trends\/wp-content\/uploads\/2023\/03\/14-VERANO-manicura-ne-rosa-fucsia-mas-mariposa-impresa-290x290.jpg 290w, https:\/\/www.yakintatilyerleri.com\/fashion-lifestyle-trends\/wp-content\/uploads\/2023\/03\/14-VERANO-manicura-ne-rosa-fucsia-mas-mariposa-impresa-100x100.jpg 100w, https:\/\/www.yakintatilyerleri.com\/fashion-lifestyle-trends\/wp-content\/uploads\/2023\/03\/14-VERANO-manicura-ne-rosa-fucsia-mas-mariposa-impresa-150x150.jpg 150w, https:\/\/www.yakintatilyerleri.com\/fashion-lifestyle-trends\/wp-content\/uploads\/2023\/03\/14-VERANO-manicura-ne-rosa-fucsia-mas-mariposa-impresa-120x120.jpg 120w, https:\/\/www.yakintatilyerleri.com\/fashion-lifestyle-trends\/wp-content\/uploads\/2023\/03\/14-VERANO-manicura-ne-rosa-fucsia-mas-mariposa-impresa-65x65.jpg 65w\" sizes=\"auto, (max-width: 650px) 100vw, 650px\" \/><\/p>\n<p><img loading=\"lazy\" decoding=\"async\" class=\"alignnone size-medium wp-image-30877\" src=\"https:\/\/www.yakintatilyerleri.com\/fashion-lifestyle-trends\/wp-content\/uploads\/2023\/03\/14-VERANO-unas-con-purpurina-y-tonos-salmon-brillante.jpg\" alt=\"\" width=\"474\" height=\"647\" srcset=\"https:\/\/www.yakintatilyerleri.com\/fashion-lifestyle-trends\/wp-content\/uploads\/2023\/03\/14-VERANO-unas-con-purpurina-y-tonos-salmon-brillante.jpg 474w, https:\/\/www.yakintatilyerleri.com\/fashion-lifestyle-trends\/wp-content\/uploads\/2023\/03\/14-VERANO-unas-con-purpurina-y-tonos-salmon-brillante-73x100.jpg 73w\" sizes=\"auto, (max-width: 474px) 100vw, 474px\" \/><\/p>\n<p><img loading=\"lazy\" decoding=\"async\" class=\"alignnone size-medium wp-image-30878\" src=\"https:\/\/www.yakintatilyerleri.com\/fashion-lifestyle-trends\/wp-content\/uploads\/2023\/03\/15-VERANO-manicura-estilo-frnacesa-pero-con-las-puntas-coloreadas.jpg\" alt=\"\" width=\"626\" height=\"627\" srcset=\"https:\/\/www.yakintatilyerleri.com\/fashion-lifestyle-trends\/wp-content\/uploads\/2023\/03\/15-VERANO-manicura-estilo-frnacesa-pero-con-las-puntas-coloreadas.jpg 626w, https:\/\/www.yakintatilyerleri.com\/fashion-lifestyle-trends\/wp-content\/uploads\/2023\/03\/15-VERANO-manicura-estilo-frnacesa-pero-con-las-puntas-coloreadas-290x290.jpg 290w, https:\/\/www.yakintatilyerleri.com\/fashion-lifestyle-trends\/wp-content\/uploads\/2023\/03\/15-VERANO-manicura-estilo-frnacesa-pero-con-las-puntas-coloreadas-100x100.jpg 100w, https:\/\/www.yakintatilyerleri.com\/fashion-lifestyle-trends\/wp-content\/uploads\/2023\/03\/15-VERANO-manicura-estilo-frnacesa-pero-con-las-puntas-coloreadas-150x150.jpg 150w, https:\/\/www.yakintatilyerleri.com\/fashion-lifestyle-trends\/wp-content\/uploads\/2023\/03\/15-VERANO-manicura-estilo-frnacesa-pero-con-las-puntas-coloreadas-120x120.jpg 120w, https:\/\/www.yakintatilyerleri.com\/fashion-lifestyle-trends\/wp-content\/uploads\/2023\/03\/15-VERANO-manicura-estilo-frnacesa-pero-con-las-puntas-coloreadas-65x65.jpg 65w\" sizes=\"auto, (max-width: 626px) 100vw, 626px\" \/><\/p>\n<p><img loading=\"lazy\" decoding=\"async\" class=\"alignnone size-medium wp-image-30879\" src=\"https:\/\/www.yakintatilyerleri.com\/fashion-lifestyle-trends\/wp-content\/uploads\/2023\/03\/16-VERANO-en-tonos-rosa-fucsia-y-amarillo-fosforito-mas-animal-print.jpg\" alt=\"\" width=\"650\" height=\"650\" srcset=\"https:\/\/www.yakintatilyerleri.com\/fashion-lifestyle-trends\/wp-content\/uploads\/2023\/03\/16-VERANO-en-tonos-rosa-fucsia-y-amarillo-fosforito-mas-animal-print.jpg 650w, https:\/\/www.yakintatilyerleri.com\/fashion-lifestyle-trends\/wp-content\/uploads\/2023\/03\/16-VERANO-en-tonos-rosa-fucsia-y-amarillo-fosforito-mas-animal-print-290x290.jpg 290w, https:\/\/www.yakintatilyerleri.com\/fashion-lifestyle-trends\/wp-content\/uploads\/2023\/03\/16-VERANO-en-tonos-rosa-fucsia-y-amarillo-fosforito-mas-animal-print-100x100.jpg 100w, https:\/\/www.yakintatilyerleri.com\/fashion-lifestyle-trends\/wp-content\/uploads\/2023\/03\/16-VERANO-en-tonos-rosa-fucsia-y-amarillo-fosforito-mas-animal-print-150x150.jpg 150w, https:\/\/www.yakintatilyerleri.com\/fashion-lifestyle-trends\/wp-content\/uploads\/2023\/03\/16-VERANO-en-tonos-rosa-fucsia-y-amarillo-fosforito-mas-animal-print-120x120.jpg 120w, https:\/\/www.yakintatilyerleri.com\/fashion-lifestyle-trends\/wp-content\/uploads\/2023\/03\/16-VERANO-en-tonos-rosa-fucsia-y-amarillo-fosforito-mas-animal-print-65x65.jpg 65w\" sizes=\"auto, (max-width: 650px) 100vw, 650px\" \/><\/p>\n<p><img loading=\"lazy\" decoding=\"async\" class=\"alignnone size-medium wp-image-30880\" src=\"https:\/\/www.yakintatilyerleri.com\/fashion-lifestyle-trends\/wp-content\/uploads\/2023\/03\/16-VERANO-manicura-fluorescente-en-unas-largas-con-tonos-anaranjados.jpg\" alt=\"\" width=\"650\" height=\"650\" srcset=\"https:\/\/www.yakintatilyerleri.com\/fashion-lifestyle-trends\/wp-content\/uploads\/2023\/03\/16-VERANO-manicura-fluorescente-en-unas-largas-con-tonos-anaranjados.jpg 650w, https:\/\/www.yakintatilyerleri.com\/fashion-lifestyle-trends\/wp-content\/uploads\/2023\/03\/16-VERANO-manicura-fluorescente-en-unas-largas-con-tonos-anaranjados-290x290.jpg 290w, https:\/\/www.yakintatilyerleri.com\/fashion-lifestyle-trends\/wp-content\/uploads\/2023\/03\/16-VERANO-manicura-fluorescente-en-unas-largas-con-tonos-anaranjados-100x100.jpg 100w, https:\/\/www.yakintatilyerleri.com\/fashion-lifestyle-trends\/wp-content\/uploads\/2023\/03\/16-VERANO-manicura-fluorescente-en-unas-largas-con-tonos-anaranjados-150x150.jpg 150w, https:\/\/www.yakintatilyerleri.com\/fashion-lifestyle-trends\/wp-content\/uploads\/2023\/03\/16-VERANO-manicura-fluorescente-en-unas-largas-con-tonos-anaranjados-120x120.jpg 120w, https:\/\/www.yakintatilyerleri.com\/fashion-lifestyle-trends\/wp-content\/uploads\/2023\/03\/16-VERANO-manicura-fluorescente-en-unas-largas-con-tonos-anaranjados-65x65.jpg 65w\" sizes=\"auto, (max-width: 650px) 100vw, 650px\" \/><\/p>\n<p><img loading=\"lazy\" decoding=\"async\" class=\"alignnone size-medium wp-image-30881\" src=\"https:\/\/www.yakintatilyerleri.com\/fashion-lifestyle-trends\/wp-content\/uploads\/2023\/03\/17-VERANO-en-tonos-brillantes-color-naranja-con-metalico.jpg\" alt=\"\" width=\"650\" height=\"650\" srcset=\"https:\/\/www.yakintatilyerleri.com\/fashion-lifestyle-trends\/wp-content\/uploads\/2023\/03\/17-VERANO-en-tonos-brillantes-color-naranja-con-metalico.jpg 650w, https:\/\/www.yakintatilyerleri.com\/fashion-lifestyle-trends\/wp-content\/uploads\/2023\/03\/17-VERANO-en-tonos-brillantes-color-naranja-con-metalico-290x290.jpg 290w, https:\/\/www.yakintatilyerleri.com\/fashion-lifestyle-trends\/wp-content\/uploads\/2023\/03\/17-VERANO-en-tonos-brillantes-color-naranja-con-metalico-100x100.jpg 100w, https:\/\/www.yakintatilyerleri.com\/fashion-lifestyle-trends\/wp-content\/uploads\/2023\/03\/17-VERANO-en-tonos-brillantes-color-naranja-con-metalico-150x150.jpg 150w, https:\/\/www.yakintatilyerleri.com\/fashion-lifestyle-trends\/wp-content\/uploads\/2023\/03\/17-VERANO-en-tonos-brillantes-color-naranja-con-metalico-120x120.jpg 120w, https:\/\/www.yakintatilyerleri.com\/fashion-lifestyle-trends\/wp-content\/uploads\/2023\/03\/17-VERANO-en-tonos-brillantes-color-naranja-con-metalico-65x65.jpg 65w\" sizes=\"auto, (max-width: 650px) 100vw, 650px\" \/><\/p>\n<p><img loading=\"lazy\" decoding=\"async\" class=\"alignnone size-medium wp-image-30882\" src=\"https:\/\/www.yakintatilyerleri.com\/fashion-lifestyle-trends\/wp-content\/uploads\/2023\/03\/18-VERANO-unas-largas-cuadradas-en-tonos-fosforitos-rosa-fucsia-y-ros-aplo.jpg\" alt=\"\" width=\"649\" height=\"650\" srcset=\"https:\/\/www.yakintatilyerleri.com\/fashion-lifestyle-trends\/wp-content\/uploads\/2023\/03\/18-VERANO-unas-largas-cuadradas-en-tonos-fosforitos-rosa-fucsia-y-ros-aplo.jpg 649w, https:\/\/www.yakintatilyerleri.com\/fashion-lifestyle-trends\/wp-content\/uploads\/2023\/03\/18-VERANO-unas-largas-cuadradas-en-tonos-fosforitos-rosa-fucsia-y-ros-aplo-290x290.jpg 290w, https:\/\/www.yakintatilyerleri.com\/fashion-lifestyle-trends\/wp-content\/uploads\/2023\/03\/18-VERANO-unas-largas-cuadradas-en-tonos-fosforitos-rosa-fucsia-y-ros-aplo-100x100.jpg 100w, https:\/\/www.yakintatilyerleri.com\/fashion-lifestyle-trends\/wp-content\/uploads\/2023\/03\/18-VERANO-unas-largas-cuadradas-en-tonos-fosforitos-rosa-fucsia-y-ros-aplo-150x150.jpg 150w, https:\/\/www.yakintatilyerleri.com\/fashion-lifestyle-trends\/wp-content\/uploads\/2023\/03\/18-VERANO-unas-largas-cuadradas-en-tonos-fosforitos-rosa-fucsia-y-ros-aplo-120x120.jpg 120w, https:\/\/www.yakintatilyerleri.com\/fashion-lifestyle-trends\/wp-content\/uploads\/2023\/03\/18-VERANO-unas-largas-cuadradas-en-tonos-fosforitos-rosa-fucsia-y-ros-aplo-65x65.jpg 65w\" sizes=\"auto, (max-width: 649px) 100vw, 649px\" \/><\/p>\n<p><img loading=\"lazy\" decoding=\"async\" class=\"alignnone size-medium wp-image-30883\" src=\"https:\/\/www.yakintatilyerleri.com\/fashion-lifestyle-trends\/wp-content\/uploads\/2023\/03\/19-VERANO-manicura-trasnparente-con-lineas-en-azul-y-violeta.jpg\" alt=\"\" width=\"650\" height=\"649\" srcset=\"https:\/\/www.yakintatilyerleri.com\/fashion-lifestyle-trends\/wp-content\/uploads\/2023\/03\/19-VERANO-manicura-trasnparente-con-lineas-en-azul-y-violeta.jpg 650w, https:\/\/www.yakintatilyerleri.com\/fashion-lifestyle-trends\/wp-content\/uploads\/2023\/03\/19-VERANO-manicura-trasnparente-con-lineas-en-azul-y-violeta-290x290.jpg 290w, https:\/\/www.yakintatilyerleri.com\/fashion-lifestyle-trends\/wp-content\/uploads\/2023\/03\/19-VERANO-manicura-trasnparente-con-lineas-en-azul-y-violeta-100x100.jpg 100w, https:\/\/www.yakintatilyerleri.com\/fashion-lifestyle-trends\/wp-content\/uploads\/2023\/03\/19-VERANO-manicura-trasnparente-con-lineas-en-azul-y-violeta-150x150.jpg 150w, https:\/\/www.yakintatilyerleri.com\/fashion-lifestyle-trends\/wp-content\/uploads\/2023\/03\/19-VERANO-manicura-trasnparente-con-lineas-en-azul-y-violeta-120x120.jpg 120w, https:\/\/www.yakintatilyerleri.com\/fashion-lifestyle-trends\/wp-content\/uploads\/2023\/03\/19-VERANO-manicura-trasnparente-con-lineas-en-azul-y-violeta-65x65.jpg 65w\" sizes=\"auto, (max-width: 650px) 100vw, 650px\" \/><\/p>\n<p><img loading=\"lazy\" decoding=\"async\" class=\"alignnone size-medium wp-image-30884\" src=\"https:\/\/www.yakintatilyerleri.com\/fashion-lifestyle-trends\/wp-content\/uploads\/2023\/03\/23-VERANO-en-tono-azzul-agua-con-purpurina.jpg\" alt=\"\" width=\"600\" height=\"600\" srcset=\"https:\/\/www.yakintatilyerleri.com\/fashion-lifestyle-trends\/wp-content\/uploads\/2023\/03\/23-VERANO-en-tono-azzul-agua-con-purpurina.jpg 600w, https:\/\/www.yakintatilyerleri.com\/fashion-lifestyle-trends\/wp-content\/uploads\/2023\/03\/23-VERANO-en-tono-azzul-agua-con-purpurina-290x290.jpg 290w, https:\/\/www.yakintatilyerleri.com\/fashion-lifestyle-trends\/wp-content\/uploads\/2023\/03\/23-VERANO-en-tono-azzul-agua-con-purpurina-100x100.jpg 100w, https:\/\/www.yakintatilyerleri.com\/fashion-lifestyle-trends\/wp-content\/uploads\/2023\/03\/23-VERANO-en-tono-azzul-agua-con-purpurina-150x150.jpg 150w, https:\/\/www.yakintatilyerleri.com\/fashion-lifestyle-trends\/wp-content\/uploads\/2023\/03\/23-VERANO-en-tono-azzul-agua-con-purpurina-120x120.jpg 120w, https:\/\/www.yakintatilyerleri.com\/fashion-lifestyle-trends\/wp-content\/uploads\/2023\/03\/23-VERANO-en-tono-azzul-agua-con-purpurina-65x65.jpg 65w\" sizes=\"auto, (max-width: 600px) 100vw, 600px\" \/><\/p>\n<p><img loading=\"lazy\" decoding=\"async\" class=\"alignnone size-medium wp-image-30885\" src=\"https:\/\/www.yakintatilyerleri.com\/fashion-lifestyle-trends\/wp-content\/uploads\/2023\/03\/24-VERANO-manicura-en-unas-largas-en-tono-violeta-y-purpurina.jpg\" alt=\"\" width=\"650\" height=\"530\" srcset=\"https:\/\/www.yakintatilyerleri.com\/fashion-lifestyle-trends\/wp-content\/uploads\/2023\/03\/24-VERANO-manicura-en-unas-largas-en-tono-violeta-y-purpurina.jpg 650w, https:\/\/www.yakintatilyerleri.com\/fashion-lifestyle-trends\/wp-content\/uploads\/2023\/03\/24-VERANO-manicura-en-unas-largas-en-tono-violeta-y-purpurina-100x82.jpg 100w\" sizes=\"auto, (max-width: 650px) 100vw, 650px\" \/><\/p>\n<p><img loading=\"lazy\" decoding=\"async\" class=\"alignnone size-medium wp-image-30886\" src=\"https:\/\/www.yakintatilyerleri.com\/fashion-lifestyle-trends\/wp-content\/uploads\/2023\/03\/24-VERANO-unas-largas-en-color-blanco-y-purpurina-mas-mariposas-con-pedreria.jpg\" alt=\"\" width=\"529\" height=\"528\" srcset=\"https:\/\/www.yakintatilyerleri.com\/fashion-lifestyle-trends\/wp-content\/uploads\/2023\/03\/24-VERANO-unas-largas-en-color-blanco-y-purpurina-mas-mariposas-con-pedreria.jpg 529w, https:\/\/www.yakintatilyerleri.com\/fashion-lifestyle-trends\/wp-content\/uploads\/2023\/03\/24-VERANO-unas-largas-en-color-blanco-y-purpurina-mas-mariposas-con-pedreria-290x290.jpg 290w, https:\/\/www.yakintatilyerleri.com\/fashion-lifestyle-trends\/wp-content\/uploads\/2023\/03\/24-VERANO-unas-largas-en-color-blanco-y-purpurina-mas-mariposas-con-pedreria-100x100.jpg 100w, https:\/\/www.yakintatilyerleri.com\/fashion-lifestyle-trends\/wp-content\/uploads\/2023\/03\/24-VERANO-unas-largas-en-color-blanco-y-purpurina-mas-mariposas-con-pedreria-150x150.jpg 150w, https:\/\/www.yakintatilyerleri.com\/fashion-lifestyle-trends\/wp-content\/uploads\/2023\/03\/24-VERANO-unas-largas-en-color-blanco-y-purpurina-mas-mariposas-con-pedreria-120x120.jpg 120w, https:\/\/www.yakintatilyerleri.com\/fashion-lifestyle-trends\/wp-content\/uploads\/2023\/03\/24-VERANO-unas-largas-en-color-blanco-y-purpurina-mas-mariposas-con-pedreria-65x65.jpg 65w\" sizes=\"auto, (max-width: 529px) 100vw, 529px\" \/><\/p>\n<p><img loading=\"lazy\" decoding=\"async\" class=\"alignnone size-medium wp-image-30887\" src=\"https:\/\/www.yakintatilyerleri.com\/fashion-lifestyle-trends\/wp-content\/uploads\/2023\/03\/25-VERANO-manicura-violeta-brillante-con-pedreria-en-tono-slilas.jpg\" alt=\"\" width=\"649\" height=\"650\" srcset=\"https:\/\/www.yakintatilyerleri.com\/fashion-lifestyle-trends\/wp-content\/uploads\/2023\/03\/25-VERANO-manicura-violeta-brillante-con-pedreria-en-tono-slilas.jpg 649w, https:\/\/www.yakintatilyerleri.com\/fashion-lifestyle-trends\/wp-content\/uploads\/2023\/03\/25-VERANO-manicura-violeta-brillante-con-pedreria-en-tono-slilas-290x290.jpg 290w, https:\/\/www.yakintatilyerleri.com\/fashion-lifestyle-trends\/wp-content\/uploads\/2023\/03\/25-VERANO-manicura-violeta-brillante-con-pedreria-en-tono-slilas-100x100.jpg 100w, https:\/\/www.yakintatilyerleri.com\/fashion-lifestyle-trends\/wp-content\/uploads\/2023\/03\/25-VERANO-manicura-violeta-brillante-con-pedreria-en-tono-slilas-150x150.jpg 150w, https:\/\/www.yakintatilyerleri.com\/fashion-lifestyle-trends\/wp-content\/uploads\/2023\/03\/25-VERANO-manicura-violeta-brillante-con-pedreria-en-tono-slilas-120x120.jpg 120w, https:\/\/www.yakintatilyerleri.com\/fashion-lifestyle-trends\/wp-content\/uploads\/2023\/03\/25-VERANO-manicura-violeta-brillante-con-pedreria-en-tono-slilas-65x65.jpg 65w\" sizes=\"auto, (max-width: 649px) 100vw, 649px\" \/><\/p>\n<p><img loading=\"lazy\" decoding=\"async\" class=\"alignnone size-medium wp-image-30888\" src=\"https:\/\/www.yakintatilyerleri.com\/fashion-lifestyle-trends\/wp-content\/uploads\/2023\/03\/25VERANO-unas-largas-con-manicura-tranparente-y-puntas-en-negro-y-blanco-con-pedreria-brillante.jpg\" alt=\"\" width=\"650\" height=\"650\" srcset=\"https:\/\/www.yakintatilyerleri.com\/fashion-lifestyle-trends\/wp-content\/uploads\/2023\/03\/25VERANO-unas-largas-con-manicura-tranparente-y-puntas-en-negro-y-blanco-con-pedreria-brillante.jpg 650w, https:\/\/www.yakintatilyerleri.com\/fashion-lifestyle-trends\/wp-content\/uploads\/2023\/03\/25VERANO-unas-largas-con-manicura-tranparente-y-puntas-en-negro-y-blanco-con-pedreria-brillante-290x290.jpg 290w, https:\/\/www.yakintatilyerleri.com\/fashion-lifestyle-trends\/wp-content\/uploads\/2023\/03\/25VERANO-unas-largas-con-manicura-tranparente-y-puntas-en-negro-y-blanco-con-pedreria-brillante-100x100.jpg 100w, https:\/\/www.yakintatilyerleri.com\/fashion-lifestyle-trends\/wp-content\/uploads\/2023\/03\/25VERANO-unas-largas-con-manicura-tranparente-y-puntas-en-negro-y-blanco-con-pedreria-brillante-150x150.jpg 150w, https:\/\/www.yakintatilyerleri.com\/fashion-lifestyle-trends\/wp-content\/uploads\/2023\/03\/25VERANO-unas-largas-con-manicura-tranparente-y-puntas-en-negro-y-blanco-con-pedreria-brillante-120x120.jpg 120w, https:\/\/www.yakintatilyerleri.com\/fashion-lifestyle-trends\/wp-content\/uploads\/2023\/03\/25VERANO-unas-largas-con-manicura-tranparente-y-puntas-en-negro-y-blanco-con-pedreria-brillante-65x65.jpg 65w\" sizes=\"auto, (max-width: 650px) 100vw, 650px\" \/><\/p>\n<p><img loading=\"lazy\" decoding=\"async\" class=\"alignnone size-medium wp-image-30889\" src=\"https:\/\/www.yakintatilyerleri.com\/fashion-lifestyle-trends\/wp-content\/uploads\/2023\/03\/26-VERANO-manicura-cuadrada-estilo-franncesa-pero-con-colores-chillones-de-la-gama-violeta.jpg\" alt=\"\" width=\"650\" height=\"650\" srcset=\"https:\/\/www.yakintatilyerleri.com\/fashion-lifestyle-trends\/wp-content\/uploads\/2023\/03\/26-VERANO-manicura-cuadrada-estilo-franncesa-pero-con-colores-chillones-de-la-gama-violeta.jpg 650w, https:\/\/www.yakintatilyerleri.com\/fashion-lifestyle-trends\/wp-content\/uploads\/2023\/03\/26-VERANO-manicura-cuadrada-estilo-franncesa-pero-con-colores-chillones-de-la-gama-violeta-290x290.jpg 290w, https:\/\/www.yakintatilyerleri.com\/fashion-lifestyle-trends\/wp-content\/uploads\/2023\/03\/26-VERANO-manicura-cuadrada-estilo-franncesa-pero-con-colores-chillones-de-la-gama-violeta-100x100.jpg 100w, https:\/\/www.yakintatilyerleri.com\/fashion-lifestyle-trends\/wp-content\/uploads\/2023\/03\/26-VERANO-manicura-cuadrada-estilo-franncesa-pero-con-colores-chillones-de-la-gama-violeta-150x150.jpg 150w, https:\/\/www.yakintatilyerleri.com\/fashion-lifestyle-trends\/wp-content\/uploads\/2023\/03\/26-VERANO-manicura-cuadrada-estilo-franncesa-pero-con-colores-chillones-de-la-gama-violeta-120x120.jpg 120w, https:\/\/www.yakintatilyerleri.com\/fashion-lifestyle-trends\/wp-content\/uploads\/2023\/03\/26-VERANO-manicura-cuadrada-estilo-franncesa-pero-con-colores-chillones-de-la-gama-violeta-65x65.jpg 65w\" sizes=\"auto, (max-width: 650px) 100vw, 650px\" \/><\/p>\n<p><img loading=\"lazy\" decoding=\"async\" class=\"alignnone size-medium wp-image-30890\" src=\"https:\/\/www.yakintatilyerleri.com\/fashion-lifestyle-trends\/wp-content\/uploads\/2023\/03\/33-VERANO-en-unas-largas-cuadradas-en-tonos-violeta-y-rosa-con-purpurina.jpg\" alt=\"\" width=\"650\" height=\"650\" srcset=\"https:\/\/www.yakintatilyerleri.com\/fashion-lifestyle-trends\/wp-content\/uploads\/2023\/03\/33-VERANO-en-unas-largas-cuadradas-en-tonos-violeta-y-rosa-con-purpurina.jpg 650w, https:\/\/www.yakintatilyerleri.com\/fashion-lifestyle-trends\/wp-content\/uploads\/2023\/03\/33-VERANO-en-unas-largas-cuadradas-en-tonos-violeta-y-rosa-con-purpurina-290x290.jpg 290w, https:\/\/www.yakintatilyerleri.com\/fashion-lifestyle-trends\/wp-content\/uploads\/2023\/03\/33-VERANO-en-unas-largas-cuadradas-en-tonos-violeta-y-rosa-con-purpurina-100x100.jpg 100w, https:\/\/www.yakintatilyerleri.com\/fashion-lifestyle-trends\/wp-content\/uploads\/2023\/03\/33-VERANO-en-unas-largas-cuadradas-en-tonos-violeta-y-rosa-con-purpurina-150x150.jpg 150w, https:\/\/www.yakintatilyerleri.com\/fashion-lifestyle-trends\/wp-content\/uploads\/2023\/03\/33-VERANO-en-unas-largas-cuadradas-en-tonos-violeta-y-rosa-con-purpurina-120x120.jpg 120w, https:\/\/www.yakintatilyerleri.com\/fashion-lifestyle-trends\/wp-content\/uploads\/2023\/03\/33-VERANO-en-unas-largas-cuadradas-en-tonos-violeta-y-rosa-con-purpurina-65x65.jpg 65w\" sizes=\"auto, (max-width: 650px) 100vw, 650px\" \/><\/p>\n<p><img loading=\"lazy\" decoding=\"async\" class=\"alignnone size-medium wp-image-30891\" src=\"https:\/\/www.yakintatilyerleri.com\/fashion-lifestyle-trends\/wp-content\/uploads\/2023\/03\/45-VERANO-manicura-color-violeta-y-verde-fluorescente-con-unas-haciendo-ondas-de-ambos-colores.jpg\" alt=\"\" width=\"649\" height=\"650\" srcset=\"https:\/\/www.yakintatilyerleri.com\/fashion-lifestyle-trends\/wp-content\/uploads\/2023\/03\/45-VERANO-manicura-color-violeta-y-verde-fluorescente-con-unas-haciendo-ondas-de-ambos-colores.jpg 649w, https:\/\/www.yakintatilyerleri.com\/fashion-lifestyle-trends\/wp-content\/uploads\/2023\/03\/45-VERANO-manicura-color-violeta-y-verde-fluorescente-con-unas-haciendo-ondas-de-ambos-colores-290x290.jpg 290w, https:\/\/www.yakintatilyerleri.com\/fashion-lifestyle-trends\/wp-content\/uploads\/2023\/03\/45-VERANO-manicura-color-violeta-y-verde-fluorescente-con-unas-haciendo-ondas-de-ambos-colores-100x100.jpg 100w, https:\/\/www.yakintatilyerleri.com\/fashion-lifestyle-trends\/wp-content\/uploads\/2023\/03\/45-VERANO-manicura-color-violeta-y-verde-fluorescente-con-unas-haciendo-ondas-de-ambos-colores-150x150.jpg 150w, https:\/\/www.yakintatilyerleri.com\/fashion-lifestyle-trends\/wp-content\/uploads\/2023\/03\/45-VERANO-manicura-color-violeta-y-verde-fluorescente-con-unas-haciendo-ondas-de-ambos-colores-120x120.jpg 120w, https:\/\/www.yakintatilyerleri.com\/fashion-lifestyle-trends\/wp-content\/uploads\/2023\/03\/45-VERANO-manicura-color-violeta-y-verde-fluorescente-con-unas-haciendo-ondas-de-ambos-colores-65x65.jpg 65w\" sizes=\"auto, (max-width: 649px) 100vw, 649px\" \/><\/p>\n<img loading=\"lazy\" decoding=\"async\" class=\"size-medium wp-image-30892\" src=\"https:\/\/www.yakintatilyerleri.com\/fashion-lifestyle-trends\/wp-content\/uploads\/2023\/03\/2022-09-27-09.29.36-2936349643315918294_3422502149-800x800.jpg\" alt=\"\" width=\"800\" height=\"800\" srcset=\"https:\/\/www.yakintatilyerleri.com\/fashion-lifestyle-trends\/wp-content\/uploads\/2023\/03\/2022-09-27-09.29.36-2936349643315918294_3422502149-800x800.jpg 800w, https:\/\/www.yakintatilyerleri.com\/fashion-lifestyle-trends\/wp-content\/uploads\/2023\/03\/2022-09-27-09.29.36-2936349643315918294_3422502149-290x290.jpg 290w, https:\/\/www.yakintatilyerleri.com\/fashion-lifestyle-trends\/wp-content\/uploads\/2023\/03\/2022-09-27-09.29.36-2936349643315918294_3422502149-768x768.jpg 768w, https:\/\/www.yakintatilyerleri.com\/fashion-lifestyle-trends\/wp-content\/uploads\/2023\/03\/2022-09-27-09.29.36-2936349643315918294_3422502149-100x100.jpg 100w, https:\/\/www.yakintatilyerleri.com\/fashion-lifestyle-trends\/wp-content\/uploads\/2023\/03\/2022-09-27-09.29.36-2936349643315918294_3422502149-150x150.jpg 150w, https:\/\/www.yakintatilyerleri.com\/fashion-lifestyle-trends\/wp-content\/uploads\/2023\/03\/2022-09-27-09.29.36-2936349643315918294_3422502149-1000x1000.jpg 1000w, https:\/\/www.yakintatilyerleri.com\/fashion-lifestyle-trends\/wp-content\/uploads\/2023\/03\/2022-09-27-09.29.36-2936349643315918294_3422502149-120x120.jpg 120w, https:\/\/www.yakintatilyerleri.com\/fashion-lifestyle-trends\/wp-content\/uploads\/2023\/03\/2022-09-27-09.29.36-2936349643315918294_3422502149-65x65.jpg 65w, https:\/\/www.yakintatilyerleri.com\/fashion-lifestyle-trends\/wp-content\/uploads\/2023\/03\/2022-09-27-09.29.36-2936349643315918294_3422502149.jpg 1280w\" sizes=\"auto, (max-width: 800px) 100vw, 800px\" \/>\n<img loading=\"lazy\" decoding=\"async\" class=\"size-medium wp-image-30893\" src=\"https:\/\/www.yakintatilyerleri.com\/fashion-lifestyle-trends\/wp-content\/uploads\/2023\/03\/2022-09-27-09.30.26-2936350063624823155_46113989653-800x654.jpg\" alt=\"\" width=\"800\" height=\"654\" srcset=\"https:\/\/www.yakintatilyerleri.com\/fashion-lifestyle-trends\/wp-content\/uploads\/2023\/03\/2022-09-27-09.30.26-2936350063624823155_46113989653-800x654.jpg 800w, https:\/\/www.yakintatilyerleri.com\/fashion-lifestyle-trends\/wp-content\/uploads\/2023\/03\/2022-09-27-09.30.26-2936350063624823155_46113989653-768x628.jpg 768w, https:\/\/www.yakintatilyerleri.com\/fashion-lifestyle-trends\/wp-content\/uploads\/2023\/03\/2022-09-27-09.30.26-2936350063624823155_46113989653-100x82.jpg 100w, https:\/\/www.yakintatilyerleri.com\/fashion-lifestyle-trends\/wp-content\/uploads\/2023\/03\/2022-09-27-09.30.26-2936350063624823155_46113989653-1000x818.jpg 1000w, https:\/\/www.yakintatilyerleri.com\/fashion-lifestyle-trends\/wp-content\/uploads\/2023\/03\/2022-09-27-09.30.26-2936350063624823155_46113989653.jpg 1440w\" sizes=\"auto, (max-width: 800px) 100vw, 800px\" \/>\n<img loading=\"lazy\" decoding=\"async\" class=\"size-medium wp-image-30894\" src=\"https:\/\/www.yakintatilyerleri.com\/fashion-lifestyle-trends\/wp-content\/uploads\/2023\/03\/2022-09-27-09.39.16-2936354510059167933_352963420-800x602.jpg\" alt=\"\" width=\"800\" height=\"602\" srcset=\"https:\/\/www.yakintatilyerleri.com\/fashion-lifestyle-trends\/wp-content\/uploads\/2023\/03\/2022-09-27-09.39.16-2936354510059167933_352963420-800x602.jpg 800w, https:\/\/www.yakintatilyerleri.com\/fashion-lifestyle-trends\/wp-content\/uploads\/2023\/03\/2022-09-27-09.39.16-2936354510059167933_352963420-768x578.jpg 768w, https:\/\/www.yakintatilyerleri.com\/fashion-lifestyle-trends\/wp-content\/uploads\/2023\/03\/2022-09-27-09.39.16-2936354510059167933_352963420-100x75.jpg 100w, https:\/\/www.yakintatilyerleri.com\/fashion-lifestyle-trends\/wp-content\/uploads\/2023\/03\/2022-09-27-09.39.16-2936354510059167933_352963420-1000x752.jpg 1000w, https:\/\/www.yakintatilyerleri.com\/fashion-lifestyle-trends\/wp-content\/uploads\/2023\/03\/2022-09-27-09.39.16-2936354510059167933_352963420-320x240.jpg 320w, https:\/\/www.yakintatilyerleri.com\/fashion-lifestyle-trends\/wp-content\/uploads\/2023\/03\/2022-09-27-09.39.16-2936354510059167933_352963420.jpg 1440w\" sizes=\"auto, (max-width: 800px) 100vw, 800px\" \/>\n<img loading=\"lazy\" decoding=\"async\" class=\"size-medium wp-image-30895\" src=\"https:\/\/www.yakintatilyerleri.com\/fashion-lifestyle-trends\/wp-content\/uploads\/2023\/03\/2022-09-27-09.41.07-2936355440028493933_265356415-736x800.jpg\" alt=\"\" width=\"736\" height=\"800\" srcset=\"https:\/\/www.yakintatilyerleri.com\/fashion-lifestyle-trends\/wp-content\/uploads\/2023\/03\/2022-09-27-09.41.07-2936355440028493933_265356415-736x800.jpg 736w, https:\/\/www.yakintatilyerleri.com\/fashion-lifestyle-trends\/wp-content\/uploads\/2023\/03\/2022-09-27-09.41.07-2936355440028493933_265356415-768x835.jpg 768w, https:\/\/www.yakintatilyerleri.com\/fashion-lifestyle-trends\/wp-content\/uploads\/2023\/03\/2022-09-27-09.41.07-2936355440028493933_265356415-92x100.jpg 92w, https:\/\/www.yakintatilyerleri.com\/fashion-lifestyle-trends\/wp-content\/uploads\/2023\/03\/2022-09-27-09.41.07-2936355440028493933_265356415-1000x1087.jpg 1000w, https:\/\/www.yakintatilyerleri.com\/fashion-lifestyle-trends\/wp-content\/uploads\/2023\/03\/2022-09-27-09.41.07-2936355440028493933_265356415.jpg 1222w\" sizes=\"auto, (max-width: 736px) 100vw, 736px\" \/>\n<img loading=\"lazy\" decoding=\"async\" class=\"size-medium wp-image-30896\" src=\"https:\/\/www.yakintatilyerleri.com\/fashion-lifestyle-trends\/wp-content\/uploads\/2023\/03\/2022-09-27-09.45.05-2936357429966067279_506122990-800x800.jpg\" alt=\"\" width=\"800\" height=\"800\" srcset=\"https:\/\/www.yakintatilyerleri.com\/fashion-lifestyle-trends\/wp-content\/uploads\/2023\/03\/2022-09-27-09.45.05-2936357429966067279_506122990-800x800.jpg 800w, https:\/\/www.yakintatilyerleri.com\/fashion-lifestyle-trends\/wp-content\/uploads\/2023\/03\/2022-09-27-09.45.05-2936357429966067279_506122990-290x290.jpg 290w, https:\/\/www.yakintatilyerleri.com\/fashion-lifestyle-trends\/wp-content\/uploads\/2023\/03\/2022-09-27-09.45.05-2936357429966067279_506122990-768x768.jpg 768w, https:\/\/www.yakintatilyerleri.com\/fashion-lifestyle-trends\/wp-content\/uploads\/2023\/03\/2022-09-27-09.45.05-2936357429966067279_506122990-100x100.jpg 100w, https:\/\/www.yakintatilyerleri.com\/fashion-lifestyle-trends\/wp-content\/uploads\/2023\/03\/2022-09-27-09.45.05-2936357429966067279_506122990-150x150.jpg 150w, https:\/\/www.yakintatilyerleri.com\/fashion-lifestyle-trends\/wp-content\/uploads\/2023\/03\/2022-09-27-09.45.05-2936357429966067279_506122990-1000x1000.jpg 1000w, https:\/\/www.yakintatilyerleri.com\/fashion-lifestyle-trends\/wp-content\/uploads\/2023\/03\/2022-09-27-09.45.05-2936357429966067279_506122990-120x120.jpg 120w, https:\/\/www.yakintatilyerleri.com\/fashion-lifestyle-trends\/wp-content\/uploads\/2023\/03\/2022-09-27-09.45.05-2936357429966067279_506122990-65x65.jpg 65w, https:\/\/www.yakintatilyerleri.com\/fashion-lifestyle-trends\/wp-content\/uploads\/2023\/03\/2022-09-27-09.45.05-2936357429966067279_506122990.jpg 1080w\" sizes=\"auto, (max-width: 800px) 100vw, 800px\" \/>\n","protected":false},"excerpt":{"rendered":"<p>\u00a1El verano es el momento perfecto para ser creativo con tus manicuras! Ya sea que est\u00e9 buscando algo cl\u00e1sico, audaz o algo intermedio, hay una manicura de verano para todos. Desde dise\u00f1os brillantes hasta colores brillantes, estas hermosas fotos e ideas de manicura de verano seguramente inspirar\u00e1n tu pr\u00f3ximo look. \u00a1Echa un vistazo a algunas [&hellip;]<\/p>\n","protected":false},"author":471,"featured_media":30856,"comment_status":"open","ping_status":"closed","sticky":false,"template":"","format":"standard","meta":{"footnotes":""},"categories":[4487],"tags":[],"class_list":["post-30855","post","type-post","status-publish","format-standard","has-post-thumbnail","hentry","category-nail-ideas"],"views":1770,"_links":{"self":[{"href":"https:\/\/www.yakintatilyerleri.com\/fashion-lifestyle-trends\/wp-json\/wp\/v2\/posts\/30855","targetHints":{"allow":["GET"]}}],"collection":[{"href":"https:\/\/www.yakintatilyerleri.com\/fashion-lifestyle-trends\/wp-json\/wp\/v2\/posts"}],"about":[{"href":"https:\/\/www.yakintatilyerleri.com\/fashion-lifestyle-trends\/wp-json\/wp\/v2\/types\/post"}],"author":[{"embeddable":true,"href":"https:\/\/www.yakintatilyerleri.com\/fashion-lifestyle-trends\/wp-json\/wp\/v2\/users\/471"}],"replies":[{"embeddable":true,"href":"https:\/\/www.yakintatilyerleri.com\/fashion-lifestyle-trends\/wp-json\/wp\/v2\/comments?post=30855"}],"version-history":[{"count":3,"href":"https:\/\/www.yakintatilyerleri.com\/fashion-lifestyle-trends\/wp-json\/wp\/v2\/posts\/30855\/revisions"}],"predecessor-version":[{"id":35840,"href":"https:\/\/www.yakintatilyerleri.com\/fashion-lifestyle-trends\/wp-json\/wp\/v2\/posts\/30855\/revisions\/35840"}],"wp:featuredmedia":[{"embeddable":true,"href":"https:\/\/www.yakintatilyerleri.com\/fashion-lifestyle-trends\/wp-json\/wp\/v2\/media\/30856"}],"wp:attachment":[{"href":"https:\/\/www.yakintatilyerleri.com\/fashion-lifestyle-trends\/wp-json\/wp\/v2\/media?parent=30855"}],"wp:term":[{"taxonomy":"category","embeddable":true,"href":"https:\/\/www.yakintatilyerleri.com\/fashion-lifestyle-trends\/wp-json\/wp\/v2\/categories?post=30855"},{"taxonomy":"post_tag","embeddable":true,"href":"https:\/\/www.yakintatilyerleri.com\/fashion-lifestyle-trends\/wp-json\/wp\/v2\/tags?post=30855"}],"curies":[{"name":"wp","href":"https:\/\/api.w.org\/{rel}","templated":true}]}}